{"@context":"https:\/\/schema.org\/","@type":"CollectionPage","@id":"https:\/\/www.1cdc.sk\/moda\/#CollectionPage","headline":"M\u00f3da Category","description":"","url":"https:\/\/www.1cdc.sk\/moda\/","hasPart":[{"@type":"Article","@id":"https:\/\/www.1cdc.sk\/moda-u-deti-a-teenagerov\/","headline":"M\u00f3da u det\u00ed a teenagerov","url":"https:\/\/www.1cdc.sk\/moda-u-deti-a-teenagerov\/","datePublished":"2023-08-04","dateModified":"2024-06-07","mainEntityOfPage":"https:\/\/www.1cdc.sk\/moda-u-deti-a-teenagerov\/","author":{"@type":"Person","@id":"https:\/\/www.1cdc.sk\/author\/#Person","name":"","url":"https:\/\/www.1cdc.sk\/author\/","identifier":1,"image":{"@type":"ImageObject","@id":"https:\/\/secure.gravatar.com\/avatar\/aa13f0f1a5b61a2deba1492ce3bb4afe8e77d91eeb44c23db0ee08765a93abad?s=96&d=mm&r=g","url":"https:\/\/secure.gravatar.com\/avatar\/aa13f0f1a5b61a2deba1492ce3bb4afe8e77d91eeb44c23db0ee08765a93abad?s=96&d=mm&r=g","height":96,"width":96}},"publisher":{"@type":"Organization","name":"1cdc.sk","logo":{"@type":"ImageObject","@id":"\/logo.png","url":"\/logo.png","width":600,"height":60}},"image":{"@type":"ImageObject","@id":"https:\/\/www.1cdc.sk\/wp-content\/uploads\/girls-6174061_640_1.jpg","url":"https:\/\/www.1cdc.sk\/wp-content\/uploads\/girls-6174061_640_1.jpg","height":0,"width":0},"keywords":null},{"@type":"Article","@id":"https:\/\/www.1cdc.sk\/moda-nas-ovplyvnuje-ci-chceme-alebo-nie\/","headline":"M\u00f3da n\u00e1s ovplyv\u0148uje, \u010di chceme alebo nie","url":"https:\/\/www.1cdc.sk\/moda-nas-ovplyvnuje-ci-chceme-alebo-nie\/","datePublished":"2020-02-10","dateModified":"2020-02-10","mainEntityOfPage":"https:\/\/www.1cdc.sk\/moda-nas-ovplyvnuje-ci-chceme-alebo-nie\/","author":{"@type":"Person","@id":"https:\/\/www.1cdc.sk\/author\/#Person","name":"","url":"https:\/\/www.1cdc.sk\/author\/","identifier":1,"image":{"@type":"ImageObject","@id":"https:\/\/secure.gravatar.com\/avatar\/aa13f0f1a5b61a2deba1492ce3bb4afe8e77d91eeb44c23db0ee08765a93abad?s=96&d=mm&r=g","url":"https:\/\/secure.gravatar.com\/avatar\/aa13f0f1a5b61a2deba1492ce3bb4afe8e77d91eeb44c23db0ee08765a93abad?s=96&d=mm&r=g","height":96,"width":96}},"publisher":{"@type":"Organization","name":"1cdc.sk","logo":{"@type":"ImageObject","@id":"\/logo.png","url":"\/logo.png","width":600,"height":60}},"image":{"@type":"ImageObject","@id":"https:\/\/www.1cdc.sk\/wp-content\/uploads\/img_a310438_w2012_t1582740969.jpg","url":"https:\/\/www.1cdc.sk\/wp-content\/uploads\/img_a310438_w2012_t1582740969.jpg","height":0,"width":0},"keywords":null},{"@type":"Article","@id":"https:\/\/www.1cdc.sk\/co-je-in-panska-moda-na-jar-roku-2017\/","headline":"\u010co je \u201ein\u201c? P\u00e1nska m\u00f3da na jar roku 2017","url":"https:\/\/www.1cdc.sk\/co-je-in-panska-moda-na-jar-roku-2017\/","datePublished":"2016-12-22","dateModified":"2023-04-25","mainEntityOfPage":"https:\/\/www.1cdc.sk\/co-je-in-panska-moda-na-jar-roku-2017\/","author":{"@type":"Person","@id":"https:\/\/www.1cdc.sk\/author\/#Person","name":"","url":"https:\/\/www.1cdc.sk\/author\/","identifier":1,"image":{"@type":"ImageObject","@id":"https:\/\/secure.gravatar.com\/avatar\/aa13f0f1a5b61a2deba1492ce3bb4afe8e77d91eeb44c23db0ee08765a93abad?s=96&d=mm&r=g","url":"https:\/\/secure.gravatar.com\/avatar\/aa13f0f1a5b61a2deba1492ce3bb4afe8e77d91eeb44c23db0ee08765a93abad?s=96&d=mm&r=g","height":96,"width":96}},"publisher":{"@type":"Organization","name":"1cdc.sk","logo":{"@type":"ImageObject","@id":"\/logo.png","url":"\/logo.png","width":600,"height":60}},"image":{"@type":"ImageObject","@id":"https:\/\/www.1cdc.sk\/wp-content\/uploads\/img_a279656_w2012_t1601663700.jpg","url":"https:\/\/www.1cdc.sk\/wp-content\/uploads\/img_a279656_w2012_t1601663700.jpg","height":0,"width":0},"keywords":null}]}