[{"@context":"https:\/\/schema.org\/","@type":"Article","@id":"https:\/\/www.1cdc.sk\/leto-moje-milujem-ta\/#Article","mainEntityOfPage":"https:\/\/www.1cdc.sk\/leto-moje-milujem-ta\/","headline":"Leto moje milujem ta","name":"Leto moje milujem ta","description":"Pomaly sa bl\u00ed\u017eia dovolenky a oddych.\u00a0 Na ak\u00e9 destin\u00e1cie sa chyst\u00e1te my tu zatia\u013e po Slovensku mo\u017eno v auguste niekedy do Vacova kde sa narodila moja babka a mamke tam chutila zmrzlina ktor\u00e1 bola ako v\u00e1nok a \u0161\u013eaha\u010dka ako v\u00e1nok tak\u00e1 jemn\u00e1. Chcela by som to aj ja vidie\u0165. Vo\u013eakedy sme chodili do Ma\u010farska pokia\u013e \u017eili moji star\u00fd rodi\u010dia ale [&hellip;]","datePublished":"2024-03-06","dateModified":"2024-06-07","author":{"@type":"Person","@id":"https:\/\/www.1cdc.sk\/author\/#Person","name":"","url":"https:\/\/www.1cdc.sk\/author\/","identifier":1,"image":{"@type":"ImageObject","@id":"https:\/\/secure.gravatar.com\/avatar\/aa13f0f1a5b61a2deba1492ce3bb4afe8e77d91eeb44c23db0ee08765a93abad?s=96&d=mm&r=g","url":"https:\/\/secure.gravatar.com\/avatar\/aa13f0f1a5b61a2deba1492ce3bb4afe8e77d91eeb44c23db0ee08765a93abad?s=96&d=mm&r=g","height":96,"width":96}},"publisher":{"@type":"Organization","name":"1cdc.sk","logo":{"@type":"ImageObject","@id":"\/logo.png","url":"\/logo.png","width":600,"height":60}},"image":{"@type":"ImageObject","@id":"https:\/\/www.1cdc.sk\/wp-content\/uploads\/nude-4927120_640_3.jpg","url":"https:\/\/www.1cdc.sk\/wp-content\/uploads\/nude-4927120_640_3.jpg","height":0,"width":0},"url":"https:\/\/www.1cdc.sk\/leto-moje-milujem-ta\/","about":["Dovolenka"],"wordCount":470,"articleBody":"Pomaly sa bl\u00ed\u017eia dovolenky a oddych.\u00a0 Na ak\u00e9 destin\u00e1cie sa chyst\u00e1te my tu zatia\u013e po Slovensku mo\u017eno v auguste niekedy do Vacova kde sa narodila moja babka a mamke tam chutila zmrzlina ktor\u00e1 bola ako v\u00e1nok a \u0161\u013eaha\u010dka ako v\u00e1nok tak\u00e1 jemn\u00e1. Chcela by som to aj ja vidie\u0165. Vo\u013eakedy sme chodili do Ma\u010farska pokia\u013e \u017eili moji star\u00fd rodi\u010dia ale aj inde. Pam\u00e4t\u00e1m si ke\u010f som bola die\u0165a boli sme na Balaton vtedy v stane bolo to za socializmu teraz by som ur\u010dite sa ubytovala v hoteli. Chodili sme aj na in\u00e9 dovolenky naposledy na takej dlhej dovolenke sme boli v Taliansku \u010das\u0165 ALASSIO ale to je u\u017e d\u00e1vno od vtedy len po Slovensku nako\u013eko je mamka u\u017e star\u0161ia ani to zdravie nie je u\u017e 100% ale e\u0161te ako tak.A \u010do si zobra\u0165 na dovolenku ja m\u00e1m u\u017e nejak\u00e9 veci v pl\u00e1ne \u010do doprajem pomaly kupujem na letn\u00fa dovolenku ke\u010f len v pr\u00edrode ale chyst\u00e1m sa. V\u010dera mi pri\u0161li RIFLOVE \u0161aty objednala som si aj kabelku aj ruksak aj sand\u00e1le a\u00a0 k\u00fapila som SILT slamen\u00fd je to ve\u013emi modern\u00e9 . Sledujem modern\u00e9 trendy . Dnes mi pri\u0161iel kozmetick\u00fd bal\u00edk letn\u00e9 trendy ORIFLAME. Milujem v\u00fdzvy. Leto je na oddych nie aby \u010dlovek len ustavi\u010dne bol v zhone a v jednom koloto\u010di. Treba vedie\u0165 aj oddychova\u0165. \u0160koda \u017ee nem\u00e1m vlastn\u00fd baz\u00e9n aby sa \u010dlovek mohol si zapl\u00e1va\u0165 a relaxova\u0165. Poviem v\u00e1m pravdu \u017ee cez \u0161kolsk\u00fd rok je toho a\u017e a\u017e. Rada sa opa\u013eujem vyhrievam na slnku naber\u00e1m vitam\u00edn D. Ale tak uv\u00e1\u017een\u00e9. M\u00e1m pl\u00e1\u017eov\u00fa loptu aj \u0161\u013eapky. K\u00fapila som v\u010dera n\u00e1m farbu na vlasy ja si ju d\u00e1m u\u017e len potom pred dovolenkou ja som si farbila ned\u00e1vno. Mamine som k\u00fapila zauj\u00edmav\u00fa farbu rub\u00ednovo \u010derven\u00fa d\u00e1m si ale len pramienky. Chcem si objedna\u0165 aj kozmetiku JAWERLLE rada sk\u00fa\u0161am r\u00f4zne novinky \u010di u\u017e v kozmetike aj v m\u00f3de ale daj\u00fa sa \u010do sa t\u00fdka m\u00f3dy aj za menej. Nepotrebujem drah\u00e9 zna\u010dkov\u00e9 veci. Pri\u0161li mi katal\u00f3gy u\u017e na mesiac j\u00fal s\u00fa tam neskuto\u010dne perfektn\u00e9 v\u00fdrobky. Ja ako Avon lady aj ORIFLEM\u00a0a pod. m\u00e1 na sebe ka\u017ed\u00fd de\u0148 in\u00fd vo\u0148avky. Ob\u010das aj dostanem dar\u010dek nako\u013eko rob\u00edm objedn\u00e1vky takmer ka\u017ed\u00fd mesiac. Dnes mi pri\u0161li dvoje tiene o\u010dn\u00e9 aj mydielka ORIFLAME a in\u00e9. Rob\u00edm si z\u00e1sobu na leto ale rob\u00edm pre nich aj INFLUCER. s\u00edce na tom e\u0161te nejak nezar\u00e1bam ale do bud\u00faca to chcem robi\u0165 naplno.                                                                                                                                                                                                                                                                                                                                                                                         4.6\/5 - (5 votes)        "},{"@context":"https:\/\/schema.org\/","@type":"BreadcrumbList","itemListElement":[{"@type":"ListItem","position":1,"name":"Leto moje milujem ta","item":"https:\/\/www.1cdc.sk\/leto-moje-milujem-ta\/#breadcrumbitem"}]}]